{"id":182,"date":"2022-02-14T14:48:00","date_gmt":"2022-02-14T14:48:00","guid":{"rendered":"https:\/\/consultnet.com.ar\/site\/?p=182"},"modified":"2022-08-08T14:50:26","modified_gmt":"2022-08-08T14:50:26","slug":"como-seguir-un-plan-estrategico-vinculado-a-la-operatividad-diaria","status":"publish","type":"post","link":"https:\/\/consultnet.com.ar\/site\/como-seguir-un-plan-estrategico-vinculado-a-la-operatividad-diaria\/","title":{"rendered":"\u00bfC\u00f3mo seguir un Plan Estrat\u00e9gico vinculado a la Operatividad Diaria?"},"content":{"rendered":"\n<p class=\"wp-block-paragraph\">Todas las organizaciones deber\u00edan proponerse anualmente Definir su Planificaci\u00f3n Estrat\u00e9gica, e incluso algunas otras deber\u00edan analizar la posibilidad de Revisar Fundamentos, si es que creen que no tienen claro qu\u00e9 rumbo darle, como paso previo a la Planificaci\u00f3n.<br><br>Ya con estas actividades realizadas, se est\u00e1 en condiciones por tanto, de priorizar Iniciativas y asociarlas a indicadores \/ m\u00e9tricas y objetivos estrat\u00e9gicos.<br><br>Pero esto no se podr\u00e1 llevar a la pr\u00e1ctica si no definimos l\u00edderes y plazos \u2013 reales- para cada iniciativa. Si las dejamos en varias manos o \u201cmanos de nadie\u201d dif\u00edcilmente se puedan lograr los avances.<br>Ya luego vendr\u00e1 la parte del despliegue de las iniciativas en los sectores o \u00e1reas involucrados. Estas iniciativas se convertir\u00e1n en planes de acci\u00f3n con responsables, recursos destinados, plazos e indicadores de alcance.<br><br>Desde Consultnet somos especialistas en acompa\u00f1arte en este paso a paso para poder efectivizar un Plan Estrat\u00e9gico acorde a tu estructura (no importa si sos una MiPyme, Pyme o una Empresa de mayor envergadura); no solo para que se lleve adelante logrando los objetivos acordados, sino tambi\u00e9n para no descuidar la rutina diaria que obviamente debe seguir en marcha.<br><br><strong>EQUIPO DE TRABAJO EJE DIRECCI\u00d3N DE EMPRESAS<\/strong><\/p>\n","protected":false},"excerpt":{"rendered":"<p>Todas las organizaciones deber\u00edan proponerse anualmente Definir su Planificaci\u00f3n Estrat\u00e9gica, e incluso algunas otras deber\u00edan analizar la posibilidad de Revisar Fundamentos, si es que creen que no tienen claro qu\u00e9 rumbo darle, como paso previo a la Planificaci\u00f3n. Ya con estas actividades realizadas, se est\u00e1 en condiciones por tanto, de priorizar Iniciativas y asociarlas a [&hellip;]<\/p>\n","protected":false},"author":3,"featured_media":183,"comment_status":"open","ping_status":"open","sticky":false,"template":"","format":"standard","meta":{"_et_pb_use_builder":"off","_et_pb_old_content":"","_et_gb_content_width":"","footnotes":""},"categories":[1],"tags":[],"class_list":["post-182","post","type-post","status-publish","format-standard","has-post-thumbnail","hentry","category-publicaciones"],"_links":{"self":[{"href":"https:\/\/consultnet.com.ar\/site\/wp-json\/wp\/v2\/posts\/182","targetHints":{"allow":["GET"]}}],"collection":[{"href":"https:\/\/consultnet.com.ar\/site\/wp-json\/wp\/v2\/posts"}],"about":[{"href":"https:\/\/consultnet.com.ar\/site\/wp-json\/wp\/v2\/types\/post"}],"author":[{"embeddable":true,"href":"https:\/\/consultnet.com.ar\/site\/wp-json\/wp\/v2\/users\/3"}],"replies":[{"embeddable":true,"href":"https:\/\/consultnet.com.ar\/site\/wp-json\/wp\/v2\/comments?post=182"}],"version-history":[{"count":1,"href":"https:\/\/consultnet.com.ar\/site\/wp-json\/wp\/v2\/posts\/182\/revisions"}],"predecessor-version":[{"id":184,"href":"https:\/\/consultnet.com.ar\/site\/wp-json\/wp\/v2\/posts\/182\/revisions\/184"}],"wp:featuredmedia":[{"embeddable":true,"href":"https:\/\/consultnet.com.ar\/site\/wp-json\/wp\/v2\/media\/183"}],"wp:attachment":[{"href":"https:\/\/consultnet.com.ar\/site\/wp-json\/wp\/v2\/media?parent=182"}],"wp:term":[{"taxonomy":"category","embeddable":true,"href":"https:\/\/consultnet.com.ar\/site\/wp-json\/wp\/v2\/categories?post=182"},{"taxonomy":"post_tag","embeddable":true,"href":"https:\/\/consultnet.com.ar\/site\/wp-json\/wp\/v2\/tags?post=182"}],"curies":[{"name":"wp","href":"https:\/\/api.w.org\/{rel}","templated":true}]}}